{"id":3409,"date":"2026-03-05T09:12:35","date_gmt":"2026-03-05T08:12:35","guid":{"rendered":"https:\/\/fut01noticias.com\/?p=3409"},"modified":"2026-03-05T09:12:35","modified_gmt":"2026-03-05T08:12:35","slug":"sudafrica-2026-la-nueva-camiseta-local-que-une-12-lenguas-y-una-nacion","status":"publish","type":"post","link":"https:\/\/fut01noticias.com\/index.php\/2026\/03\/05\/sudafrica-2026-la-nueva-camiseta-local-que-une-12-lenguas-y-una-nacion\/","title":{"rendered":"Sud\u00e1frica 2026: La Nueva Camiseta Local que Une 12 Lenguas y una Naci\u00f3n"},"content":{"rendered":"<p class=\"ds-markdown-paragraph\">La fiebre del Mundial de f\u00fatbol ya comienza a sentirse, y una de las grandes protagonistas de la previa es, sin duda, la nueva piel de los Bafana Bafana. Adidas y la Asociaci\u00f3n Sudafricana de F\u00fatbol (SAFA) han roto el silencio con el lanzamiento oficial de la camiseta que vestir\u00e1 al pa\u00eds durante la temporada 2026-2027. Y no es una simple actualizaci\u00f3n; es un homenaje vibrante que conecta el pasado glorioso con un futuro lleno de esperanza.<\/p>\n<p><img fetchpriority=\"high\" decoding=\"async\" class=\"size-large wp-image-3410 aligncenter\" src=\"https:\/\/fut01noticias.com\/wp-content\/uploads\/2026\/03\/sudafrica-2026-la-nueva-camiseta-local-que-une-12-lenguas-y-una-nacion-02.png\" alt=\"\" width=\"715\" height=\"475\" srcset=\"https:\/\/fut01noticias.com\/wp-content\/uploads\/2026\/03\/sudafrica-2026-la-nueva-camiseta-local-que-une-12-lenguas-y-una-nacion-02.png 715w, https:\/\/fut01noticias.com\/wp-content\/uploads\/2026\/03\/sudafrica-2026-la-nueva-camiseta-local-que-une-12-lenguas-y-una-nacion-02-300x199.png 300w\" sizes=\"(max-width: 715px) 100vw, 715px\" \/><\/p>\n<h3>Un Viaje a 2010: El Punto de Partida<\/h3>\n<p class=\"ds-markdown-paragraph\">Para entender la grandeza de esta nueva equipaci\u00f3n, hay que mirar atr\u00e1s, exactamente al a\u00f1o 2010. Aquel Mundial celebrado en suelo africano fue un antes y un despu\u00e9s para Sud\u00e1frica. La camiseta de aquella \u00e9poca es considerada un icono, y el nuevo dise\u00f1o bebe directamente de esa fuente.<\/p>\n<p class=\"ds-markdown-paragraph\">La silueta, el corte y la distribuci\u00f3n del color recuerdan inmediatamente a aquella m\u00edtica camiseta. Sin embargo, Adidas no se ha limitado a hacer una copia. Han tomado la esencia y la han proyectado hacia adelante, creando una prenda que se siente nost\u00e1lgica y futurista al mismo tiempo. Es un puente generacional que permitir\u00e1 a los abuelos contar historias de 2010 mientras los ni\u00f1os escriben las suyas propias en 2026.<\/p>\n<h3>El Color de la Naci\u00f3n: Amarillo y Verde<\/h3>\n<p class=\"ds-markdown-paragraph\">El amarillo intenso con ribetes verdes se mantiene como el eje central. Este no es un color cualquiera; es el s\u00edmbolo del orgullo nacional sudafricano. En un continente donde el f\u00fatbol se vive con una pasi\u00f3n desbordante, los colores de la camiseta son un grito de guerra. El nuevo tono amarillo es vibrante, casi el\u00e9ctrico, dise\u00f1ado para destacar tanto bajo el sol abrasador como bajo las luces del estadio en el partido inaugural contra M\u00e9xico.<\/p>\n<p class=\"ds-markdown-paragraph\">Pero si hay algo que realmente eleva esta camiseta a la categor\u00eda de obra de arte es el detalle que muy pocos ver\u00e1n a simple vista, pero que todo el mundo sentir\u00e1: un sutil patr\u00f3n gr\u00e1fico recorre la tela. Este patr\u00f3n no es un simple adorno decorativo. Es la representaci\u00f3n visual de las 12 lenguas oficiales de Sud\u00e1frica.<\/p>\n<h3>M\u00e1s que una Camiseta: Un Manifiesto de Unidad<\/h3>\n<p class=\"ds-markdown-paragraph\">Este es, sin duda, el detalle m\u00e1s emotivo y significativo de la lanzamiento. En 2010, el cuello de la camiseta luc\u00eda 11 peque\u00f1as l\u00edneas, una por cada idioma oficial de aquel entonces. La Sud\u00e1frica de 2026 es m\u00e1s inclusiva, m\u00e1s diversa, y ahora cuenta con 12 lenguas oficiales. Adidas ha sabido capturar esta evoluci\u00f3n social y trasladarla al dise\u00f1o.<\/p>\n<p class=\"ds-markdown-paragraph\">El patr\u00f3n que integra las 12 lenguas no es solo un gesto est\u00e9tico; es un recordatorio de que el f\u00fatbol es el lenguaje universal que une a todos los sudafricanos, sin importar su origen. Es un detalle que convierte a la\u00a0<strong>Sud\u00e1frica 2026 camiseta<\/strong>\u00a0en un s\u00edmbolo de unidad nacional. Cada vez que un jugador salte al campo, llevar\u00e1 consigo la voz de millones de personas, de doce maneras diferentes de entender el mundo, pero una sola forma de sentirlo: la pasi\u00f3n por el f\u00fatbol.<\/p>\n<h3>Tecnolog\u00eda y Compromiso: Para Ellos y Ellas<\/h3>\n<p class=\"ds-markdown-paragraph\">Adidas no solo ha pensado en la est\u00e9tica, sino en el rendimiento. La nueva camiseta est\u00e1 disponible en dos versiones: la de aficionado y la \u00abplayer issue\u00bb (la que usar\u00e1n los jugadores). Esta \u00faltima incorpora la tecnolog\u00eda CLIMACOOL+, dise\u00f1ada espec\u00edficamente para mantener el cuerpo seco y fresco en condiciones de alta intensidad y calor. Los jugadores sudafricanos se enfrentar\u00e1n a climas extremos, y contar con una prenda que regule la temperatura ser\u00e1 clave.<\/p>\n<p class=\"ds-markdown-paragraph\">Las costuras est\u00e1n optimizadas, los paneles de malla est\u00e1n estrat\u00e9gicamente colocados para maximizar el flujo de aire, y los logos son termotransferidos para reducir el peso y la fricci\u00f3n. Pero hay un detalle t\u00e9cnico que merece una menci\u00f3n especial: los logos en la versi\u00f3n de jugador cuentan con un efecto lenticular. Dependiendo del \u00e1ngulo desde el que se mire, el logo parece moverse o cambiar, un gui\u00f1o moderno que encantar\u00e1 a los coleccionistas m\u00e1s exigentes.<\/p>\n<p class=\"ds-markdown-paragraph\">Un punto crucial que destaca la directiva de la SAFA es el enfoque de g\u00e9nero. Por primera vez, se ha prestado especial atenci\u00f3n al corte de la camiseta para la selecci\u00f3n femenina, las Banyana Banyana. Las jugadoras tendr\u00e1n una prenda adaptada a su anatom\u00eda, lo que demuestra el compromiso de la marca y la federaci\u00f3n con el f\u00fatbol femenino, que vivir\u00e1 su propio desaf\u00edo en la Copa \u00c1frica Femenina (WAFCON) de 2026 en Marruecos.<\/p>\n<p><img decoding=\"async\" class=\"size-full wp-image-3411 aligncenter\" src=\"https:\/\/fut01noticias.com\/wp-content\/uploads\/2026\/03\/sudafrica-2026-la-nueva-camiseta-local-que-une-12-lenguas-y-una-nacion-01.png\" alt=\"\" width=\"720\" height=\"505\" srcset=\"https:\/\/fut01noticias.com\/wp-content\/uploads\/2026\/03\/sudafrica-2026-la-nueva-camiseta-local-que-une-12-lenguas-y-una-nacion-01.png 720w, https:\/\/fut01noticias.com\/wp-content\/uploads\/2026\/03\/sudafrica-2026-la-nueva-camiseta-local-que-une-12-lenguas-y-una-nacion-01-300x210.png 300w\" sizes=\"(max-width: 720px) 100vw, 720px\" \/><\/p>\n<h3>El Legado y el Futuro<\/h3>\n<p class=\"ds-markdown-paragraph\">Esta camiseta no es solo para los profesionales. Es para el ni\u00f1o que juega en la calle de Soweto, para la ni\u00f1a que sue\u00f1a con ser la pr\u00f3xima estrella, para el aficionado que viajar\u00e1 a M\u00e9xico o Estados Unidos para apoyar al equipo.<\/p>\n<p class=\"ds-markdown-paragraph\">Si te apasiona el f\u00fatbol africano y anhelas una camiseta aut\u00e9ntica, elegir la calidad adecuada es fundamental. Existen muchos productos falsificados en el mercado, as\u00ed que para quienes buscan ampliar su colecci\u00f3n y adquirir camisetas de alta calidad, visitar una tienda especializada siempre es una buena opci\u00f3n. Personalmente, suelo recomendar <a href=\"https:\/\/www.fut01.com\/\"><strong>fut01<\/strong><\/a> porque su atenci\u00f3n al cliente y env\u00edos r\u00e1pidos garantizan una experiencia de compra tan maravillosa como llevar la camiseta.<\/p>\n<p class=\"ds-markdown-paragraph\">El debut oficial de esta camiseta est\u00e1 a la vuelta de la esquina. Primero, las Banyana Banyana la estrenar\u00e1n en la WAFCON, y apenas 100 d\u00edas despu\u00e9s, los Bafana Bafana saltar\u00e1n al c\u00e9sped del Estadio Azteca para enfrentarse a M\u00e9xico en el partido inaugural del Mundial 2026. Ser\u00e1 un momento hist\u00f3rico.<\/p>\n<p class=\"ds-markdown-paragraph\">Llevar puesta esta camiseta es llevar puesta la historia de una naci\u00f3n. Es un tejido que abraza la diversidad y proyecta el talento. Al final del d\u00eda, cuando buscas una equipaci\u00f3n que combine significado cultural y rendimiento t\u00e9cnico sin que el precio sea un obst\u00e1culo, saber d\u00f3nde encontrar una buena\u00a0<a href=\"https:\/\/www.fut01.com\/\"><strong>camiseta futbol baratas<\/strong><\/a>\u00a0de calidad es el verdadero gol. Porque el f\u00fatbol, como la vida, se vive mejor cuando lo haces con estilo y con la certeza de que lo que vistes representa algo m\u00e1s grande que t\u00fa mismo.<\/p>\n","protected":false},"excerpt":{"rendered":"<p>La fiebre del Mundial de f\u00fatbol ya comienza a sentirse, y una de las grandes protagonistas de la previa es, sin duda, la nueva piel de los Bafana Bafana. Adidas y la Asociaci\u00f3n Sudafricana de F\u00fatbol (SAFA) han roto el silencio con el lanzamiento oficial de la camiseta que vestir\u00e1 al pa\u00eds durante la temporada [&hellip;]<\/p>\n","protected":false},"author":1,"featured_media":0,"comment_status":"open","ping_status":"open","sticky":false,"template":"","format":"standard","meta":{"footnotes":""},"categories":[25],"tags":[],"class_list":["post-3409","post","type-post","status-publish","format-standard","hentry","category-selecciones-nacionales"],"blocksy_meta":[],"yoast_head":"<!-- This site is optimized with the Yoast SEO plugin v26.3 - https:\/\/yoast.com\/wordpress\/plugins\/seo\/ -->\n<title>Sud\u00e1frica 2026: La Nueva Camiseta Local que Une 12 Lenguas y una Naci\u00f3n - Noticias de F\u00fatbol y Camisetas Baratas | Fut01 Noticias<\/title>\n<meta name=\"robots\" content=\"index, follow, max-snippet:-1, max-image-preview:large, max-video-preview:-1\" \/>\n<link rel=\"canonical\" href=\"https:\/\/fut01noticias.com\/index.php\/2026\/03\/05\/sudafrica-2026-la-nueva-camiseta-local-que-une-12-lenguas-y-una-nacion\/\" \/>\n<meta property=\"og:locale\" content=\"es_ES\" \/>\n<meta property=\"og:type\" content=\"article\" \/>\n<meta property=\"og:title\" content=\"Sud\u00e1frica 2026: La Nueva Camiseta Local que Une 12 Lenguas y una Naci\u00f3n - Noticias de F\u00fatbol y Camisetas Baratas | Fut01 Noticias\" \/>\n<meta property=\"og:description\" content=\"La fiebre del Mundial de f\u00fatbol ya comienza a sentirse, y una de las grandes protagonistas de la previa es, sin duda, la nueva piel de los Bafana Bafana. Adidas y la Asociaci\u00f3n Sudafricana de F\u00fatbol (SAFA) han roto el silencio con el lanzamiento oficial de la camiseta que vestir\u00e1 al pa\u00eds durante la temporada [&hellip;]\" \/>\n<meta property=\"og:url\" content=\"https:\/\/fut01noticias.com\/index.php\/2026\/03\/05\/sudafrica-2026-la-nueva-camiseta-local-que-une-12-lenguas-y-una-nacion\/\" \/>\n<meta property=\"og:site_name\" content=\"Noticias de F\u00fatbol y Camisetas Baratas | Fut01 Noticias\" \/>\n<meta property=\"article:published_time\" content=\"2026-03-05T08:12:35+00:00\" \/>\n<meta property=\"og:image\" content=\"https:\/\/fut01noticias.com\/wp-content\/uploads\/2026\/03\/sudafrica-2026-la-nueva-camiseta-local-que-une-12-lenguas-y-una-nacion-02.png\" \/>\n\t<meta property=\"og:image:width\" content=\"715\" \/>\n\t<meta property=\"og:image:height\" content=\"475\" \/>\n\t<meta property=\"og:image:type\" content=\"image\/png\" \/>\n<meta name=\"author\" content=\"fut01yd2025\" \/>\n<meta name=\"twitter:card\" content=\"summary_large_image\" \/>\n<meta name=\"twitter:label1\" content=\"Escrito por\" \/>\n\t<meta name=\"twitter:data1\" content=\"fut01yd2025\" \/>\n\t<meta name=\"twitter:label2\" content=\"Tiempo de lectura\" \/>\n\t<meta name=\"twitter:data2\" content=\"5 minutos\" \/>\n<script type=\"application\/ld+json\" class=\"yoast-schema-graph\">{\"@context\":\"https:\/\/schema.org\",\"@graph\":[{\"@type\":\"Article\",\"@id\":\"https:\/\/fut01noticias.com\/index.php\/2026\/03\/05\/sudafrica-2026-la-nueva-camiseta-local-que-une-12-lenguas-y-una-nacion\/#article\",\"isPartOf\":{\"@id\":\"https:\/\/fut01noticias.com\/index.php\/2026\/03\/05\/sudafrica-2026-la-nueva-camiseta-local-que-une-12-lenguas-y-una-nacion\/\"},\"author\":{\"name\":\"fut01yd2025\",\"@id\":\"https:\/\/fut01noticias.com\/#\/schema\/person\/92184e994852970306f07f5996e89350\"},\"headline\":\"Sud\u00e1frica 2026: La Nueva Camiseta Local que Une 12 Lenguas y una Naci\u00f3n\",\"datePublished\":\"2026-03-05T08:12:35+00:00\",\"mainEntityOfPage\":{\"@id\":\"https:\/\/fut01noticias.com\/index.php\/2026\/03\/05\/sudafrica-2026-la-nueva-camiseta-local-que-une-12-lenguas-y-una-nacion\/\"},\"wordCount\":1079,\"commentCount\":0,\"publisher\":{\"@id\":\"https:\/\/fut01noticias.com\/#organization\"},\"image\":{\"@id\":\"https:\/\/fut01noticias.com\/index.php\/2026\/03\/05\/sudafrica-2026-la-nueva-camiseta-local-que-une-12-lenguas-y-una-nacion\/#primaryimage\"},\"thumbnailUrl\":\"https:\/\/fut01noticias.com\/wp-content\/uploads\/2026\/03\/sudafrica-2026-la-nueva-camiseta-local-que-une-12-lenguas-y-una-nacion-02.png\",\"articleSection\":[\"Selecciones\"],\"inLanguage\":\"es\",\"potentialAction\":[{\"@type\":\"CommentAction\",\"name\":\"Comment\",\"target\":[\"https:\/\/fut01noticias.com\/index.php\/2026\/03\/05\/sudafrica-2026-la-nueva-camiseta-local-que-une-12-lenguas-y-una-nacion\/#respond\"]}]},{\"@type\":\"WebPage\",\"@id\":\"https:\/\/fut01noticias.com\/index.php\/2026\/03\/05\/sudafrica-2026-la-nueva-camiseta-local-que-une-12-lenguas-y-una-nacion\/\",\"url\":\"https:\/\/fut01noticias.com\/index.php\/2026\/03\/05\/sudafrica-2026-la-nueva-camiseta-local-que-une-12-lenguas-y-una-nacion\/\",\"name\":\"Sud\u00e1frica 2026: La Nueva Camiseta Local que Une 12 Lenguas y una Naci\u00f3n - Noticias de F\u00fatbol y Camisetas Baratas | Fut01 Noticias\",\"isPartOf\":{\"@id\":\"https:\/\/fut01noticias.com\/#website\"},\"primaryImageOfPage\":{\"@id\":\"https:\/\/fut01noticias.com\/index.php\/2026\/03\/05\/sudafrica-2026-la-nueva-camiseta-local-que-une-12-lenguas-y-una-nacion\/#primaryimage\"},\"image\":{\"@id\":\"https:\/\/fut01noticias.com\/index.php\/2026\/03\/05\/sudafrica-2026-la-nueva-camiseta-local-que-une-12-lenguas-y-una-nacion\/#primaryimage\"},\"thumbnailUrl\":\"https:\/\/fut01noticias.com\/wp-content\/uploads\/2026\/03\/sudafrica-2026-la-nueva-camiseta-local-que-une-12-lenguas-y-una-nacion-02.png\",\"datePublished\":\"2026-03-05T08:12:35+00:00\",\"breadcrumb\":{\"@id\":\"https:\/\/fut01noticias.com\/index.php\/2026\/03\/05\/sudafrica-2026-la-nueva-camiseta-local-que-une-12-lenguas-y-una-nacion\/#breadcrumb\"},\"inLanguage\":\"es\",\"potentialAction\":[{\"@type\":\"ReadAction\",\"target\":[\"https:\/\/fut01noticias.com\/index.php\/2026\/03\/05\/sudafrica-2026-la-nueva-camiseta-local-que-une-12-lenguas-y-una-nacion\/\"]}]},{\"@type\":\"ImageObject\",\"inLanguage\":\"es\",\"@id\":\"https:\/\/fut01noticias.com\/index.php\/2026\/03\/05\/sudafrica-2026-la-nueva-camiseta-local-que-une-12-lenguas-y-una-nacion\/#primaryimage\",\"url\":\"https:\/\/fut01noticias.com\/wp-content\/uploads\/2026\/03\/sudafrica-2026-la-nueva-camiseta-local-que-une-12-lenguas-y-una-nacion-02.png\",\"contentUrl\":\"https:\/\/fut01noticias.com\/wp-content\/uploads\/2026\/03\/sudafrica-2026-la-nueva-camiseta-local-que-une-12-lenguas-y-una-nacion-02.png\",\"width\":715,\"height\":475},{\"@type\":\"BreadcrumbList\",\"@id\":\"https:\/\/fut01noticias.com\/index.php\/2026\/03\/05\/sudafrica-2026-la-nueva-camiseta-local-que-une-12-lenguas-y-una-nacion\/#breadcrumb\",\"itemListElement\":[{\"@type\":\"ListItem\",\"position\":1,\"name\":\"\u9996\u9875\",\"item\":\"https:\/\/fut01noticias.com\/\"},{\"@type\":\"ListItem\",\"position\":2,\"name\":\"Sud\u00e1frica 2026: La Nueva Camiseta Local que Une 12 Lenguas y una Naci\u00f3n\"}]},{\"@type\":\"WebSite\",\"@id\":\"https:\/\/fut01noticias.com\/#website\",\"url\":\"https:\/\/fut01noticias.com\/\",\"name\":\"Blog oficial de FUT01\",\"description\":\"Ent\u00e9rate de las \u00faltimas noticias de f\u00fatbol, resultados y fichajes. Fut01 Noticias te acerca al mundo del f\u00fatbol y a las mejores camisetas a precios bajos.\",\"publisher\":{\"@id\":\"https:\/\/fut01noticias.com\/#organization\"},\"potentialAction\":[{\"@type\":\"SearchAction\",\"target\":{\"@type\":\"EntryPoint\",\"urlTemplate\":\"https:\/\/fut01noticias.com\/?s={search_term_string}\"},\"query-input\":{\"@type\":\"PropertyValueSpecification\",\"valueRequired\":true,\"valueName\":\"search_term_string\"}}],\"inLanguage\":\"es\"},{\"@type\":\"Organization\",\"@id\":\"https:\/\/fut01noticias.com\/#organization\",\"name\":\"Blog oficial de FUT01\",\"url\":\"https:\/\/fut01noticias.com\/\",\"logo\":{\"@type\":\"ImageObject\",\"inLanguage\":\"es\",\"@id\":\"https:\/\/fut01noticias.com\/#\/schema\/logo\/image\/\",\"url\":\"https:\/\/fut01noticias.com\/wp-content\/uploads\/2025\/08\/fut01noticias-logo.webp\",\"contentUrl\":\"https:\/\/fut01noticias.com\/wp-content\/uploads\/2025\/08\/fut01noticias-logo.webp\",\"width\":190,\"height\":190,\"caption\":\"Blog oficial de FUT01\"},\"image\":{\"@id\":\"https:\/\/fut01noticias.com\/#\/schema\/logo\/image\/\"}},{\"@type\":\"Person\",\"@id\":\"https:\/\/fut01noticias.com\/#\/schema\/person\/92184e994852970306f07f5996e89350\",\"name\":\"fut01yd2025\",\"image\":{\"@type\":\"ImageObject\",\"inLanguage\":\"es\",\"@id\":\"https:\/\/fut01noticias.com\/#\/schema\/person\/image\/\",\"url\":\"https:\/\/secure.gravatar.com\/avatar\/5edfa2692bdacc5e6ee805c626c50cb44cebb065f092d9a1067d89f74dacd326?s=96&d=mm&r=g\",\"contentUrl\":\"https:\/\/secure.gravatar.com\/avatar\/5edfa2692bdacc5e6ee805c626c50cb44cebb065f092d9a1067d89f74dacd326?s=96&d=mm&r=g\",\"caption\":\"fut01yd2025\"},\"sameAs\":[\"https:\/\/fut01noticias.com\"],\"url\":\"https:\/\/fut01noticias.com\/index.php\/author\/fut01yd2025\/\"}]}<\/script>\n<!-- \/ Yoast SEO plugin. -->","yoast_head_json":{"title":"Sud\u00e1frica 2026: La Nueva Camiseta Local que Une 12 Lenguas y una Naci\u00f3n - Noticias de F\u00fatbol y Camisetas Baratas | Fut01 Noticias","robots":{"index":"index","follow":"follow","max-snippet":"max-snippet:-1","max-image-preview":"max-image-preview:large","max-video-preview":"max-video-preview:-1"},"canonical":"https:\/\/fut01noticias.com\/index.php\/2026\/03\/05\/sudafrica-2026-la-nueva-camiseta-local-que-une-12-lenguas-y-una-nacion\/","og_locale":"es_ES","og_type":"article","og_title":"Sud\u00e1frica 2026: La Nueva Camiseta Local que Une 12 Lenguas y una Naci\u00f3n - Noticias de F\u00fatbol y Camisetas Baratas | Fut01 Noticias","og_description":"La fiebre del Mundial de f\u00fatbol ya comienza a sentirse, y una de las grandes protagonistas de la previa es, sin duda, la nueva piel de los Bafana Bafana. Adidas y la Asociaci\u00f3n Sudafricana de F\u00fatbol (SAFA) han roto el silencio con el lanzamiento oficial de la camiseta que vestir\u00e1 al pa\u00eds durante la temporada [&hellip;]","og_url":"https:\/\/fut01noticias.com\/index.php\/2026\/03\/05\/sudafrica-2026-la-nueva-camiseta-local-que-une-12-lenguas-y-una-nacion\/","og_site_name":"Noticias de F\u00fatbol y Camisetas Baratas | Fut01 Noticias","article_published_time":"2026-03-05T08:12:35+00:00","og_image":[{"width":715,"height":475,"url":"https:\/\/fut01noticias.com\/wp-content\/uploads\/2026\/03\/sudafrica-2026-la-nueva-camiseta-local-que-une-12-lenguas-y-una-nacion-02.png","type":"image\/png"}],"author":"fut01yd2025","twitter_card":"summary_large_image","twitter_misc":{"Escrito por":"fut01yd2025","Tiempo de lectura":"5 minutos"},"schema":{"@context":"https:\/\/schema.org","@graph":[{"@type":"Article","@id":"https:\/\/fut01noticias.com\/index.php\/2026\/03\/05\/sudafrica-2026-la-nueva-camiseta-local-que-une-12-lenguas-y-una-nacion\/#article","isPartOf":{"@id":"https:\/\/fut01noticias.com\/index.php\/2026\/03\/05\/sudafrica-2026-la-nueva-camiseta-local-que-une-12-lenguas-y-una-nacion\/"},"author":{"name":"fut01yd2025","@id":"https:\/\/fut01noticias.com\/#\/schema\/person\/92184e994852970306f07f5996e89350"},"headline":"Sud\u00e1frica 2026: La Nueva Camiseta Local que Une 12 Lenguas y una Naci\u00f3n","datePublished":"2026-03-05T08:12:35+00:00","mainEntityOfPage":{"@id":"https:\/\/fut01noticias.com\/index.php\/2026\/03\/05\/sudafrica-2026-la-nueva-camiseta-local-que-une-12-lenguas-y-una-nacion\/"},"wordCount":1079,"commentCount":0,"publisher":{"@id":"https:\/\/fut01noticias.com\/#organization"},"image":{"@id":"https:\/\/fut01noticias.com\/index.php\/2026\/03\/05\/sudafrica-2026-la-nueva-camiseta-local-que-une-12-lenguas-y-una-nacion\/#primaryimage"},"thumbnailUrl":"https:\/\/fut01noticias.com\/wp-content\/uploads\/2026\/03\/sudafrica-2026-la-nueva-camiseta-local-que-une-12-lenguas-y-una-nacion-02.png","articleSection":["Selecciones"],"inLanguage":"es","potentialAction":[{"@type":"CommentAction","name":"Comment","target":["https:\/\/fut01noticias.com\/index.php\/2026\/03\/05\/sudafrica-2026-la-nueva-camiseta-local-que-une-12-lenguas-y-una-nacion\/#respond"]}]},{"@type":"WebPage","@id":"https:\/\/fut01noticias.com\/index.php\/2026\/03\/05\/sudafrica-2026-la-nueva-camiseta-local-que-une-12-lenguas-y-una-nacion\/","url":"https:\/\/fut01noticias.com\/index.php\/2026\/03\/05\/sudafrica-2026-la-nueva-camiseta-local-que-une-12-lenguas-y-una-nacion\/","name":"Sud\u00e1frica 2026: La Nueva Camiseta Local que Une 12 Lenguas y una Naci\u00f3n - Noticias de F\u00fatbol y Camisetas Baratas | Fut01 Noticias","isPartOf":{"@id":"https:\/\/fut01noticias.com\/#website"},"primaryImageOfPage":{"@id":"https:\/\/fut01noticias.com\/index.php\/2026\/03\/05\/sudafrica-2026-la-nueva-camiseta-local-que-une-12-lenguas-y-una-nacion\/#primaryimage"},"image":{"@id":"https:\/\/fut01noticias.com\/index.php\/2026\/03\/05\/sudafrica-2026-la-nueva-camiseta-local-que-une-12-lenguas-y-una-nacion\/#primaryimage"},"thumbnailUrl":"https:\/\/fut01noticias.com\/wp-content\/uploads\/2026\/03\/sudafrica-2026-la-nueva-camiseta-local-que-une-12-lenguas-y-una-nacion-02.png","datePublished":"2026-03-05T08:12:35+00:00","breadcrumb":{"@id":"https:\/\/fut01noticias.com\/index.php\/2026\/03\/05\/sudafrica-2026-la-nueva-camiseta-local-que-une-12-lenguas-y-una-nacion\/#breadcrumb"},"inLanguage":"es","potentialAction":[{"@type":"ReadAction","target":["https:\/\/fut01noticias.com\/index.php\/2026\/03\/05\/sudafrica-2026-la-nueva-camiseta-local-que-une-12-lenguas-y-una-nacion\/"]}]},{"@type":"ImageObject","inLanguage":"es","@id":"https:\/\/fut01noticias.com\/index.php\/2026\/03\/05\/sudafrica-2026-la-nueva-camiseta-local-que-une-12-lenguas-y-una-nacion\/#primaryimage","url":"https:\/\/fut01noticias.com\/wp-content\/uploads\/2026\/03\/sudafrica-2026-la-nueva-camiseta-local-que-une-12-lenguas-y-una-nacion-02.png","contentUrl":"https:\/\/fut01noticias.com\/wp-content\/uploads\/2026\/03\/sudafrica-2026-la-nueva-camiseta-local-que-une-12-lenguas-y-una-nacion-02.png","width":715,"height":475},{"@type":"BreadcrumbList","@id":"https:\/\/fut01noticias.com\/index.php\/2026\/03\/05\/sudafrica-2026-la-nueva-camiseta-local-que-une-12-lenguas-y-una-nacion\/#breadcrumb","itemListElement":[{"@type":"ListItem","position":1,"name":"\u9996\u9875","item":"https:\/\/fut01noticias.com\/"},{"@type":"ListItem","position":2,"name":"Sud\u00e1frica 2026: La Nueva Camiseta Local que Une 12 Lenguas y una Naci\u00f3n"}]},{"@type":"WebSite","@id":"https:\/\/fut01noticias.com\/#website","url":"https:\/\/fut01noticias.com\/","name":"Blog oficial de FUT01","description":"Ent\u00e9rate de las \u00faltimas noticias de f\u00fatbol, resultados y fichajes. Fut01 Noticias te acerca al mundo del f\u00fatbol y a las mejores camisetas a precios bajos.","publisher":{"@id":"https:\/\/fut01noticias.com\/#organization"},"potentialAction":[{"@type":"SearchAction","target":{"@type":"EntryPoint","urlTemplate":"https:\/\/fut01noticias.com\/?s={search_term_string}"},"query-input":{"@type":"PropertyValueSpecification","valueRequired":true,"valueName":"search_term_string"}}],"inLanguage":"es"},{"@type":"Organization","@id":"https:\/\/fut01noticias.com\/#organization","name":"Blog oficial de FUT01","url":"https:\/\/fut01noticias.com\/","logo":{"@type":"ImageObject","inLanguage":"es","@id":"https:\/\/fut01noticias.com\/#\/schema\/logo\/image\/","url":"https:\/\/fut01noticias.com\/wp-content\/uploads\/2025\/08\/fut01noticias-logo.webp","contentUrl":"https:\/\/fut01noticias.com\/wp-content\/uploads\/2025\/08\/fut01noticias-logo.webp","width":190,"height":190,"caption":"Blog oficial de FUT01"},"image":{"@id":"https:\/\/fut01noticias.com\/#\/schema\/logo\/image\/"}},{"@type":"Person","@id":"https:\/\/fut01noticias.com\/#\/schema\/person\/92184e994852970306f07f5996e89350","name":"fut01yd2025","image":{"@type":"ImageObject","inLanguage":"es","@id":"https:\/\/fut01noticias.com\/#\/schema\/person\/image\/","url":"https:\/\/secure.gravatar.com\/avatar\/5edfa2692bdacc5e6ee805c626c50cb44cebb065f092d9a1067d89f74dacd326?s=96&d=mm&r=g","contentUrl":"https:\/\/secure.gravatar.com\/avatar\/5edfa2692bdacc5e6ee805c626c50cb44cebb065f092d9a1067d89f74dacd326?s=96&d=mm&r=g","caption":"fut01yd2025"},"sameAs":["https:\/\/fut01noticias.com"],"url":"https:\/\/fut01noticias.com\/index.php\/author\/fut01yd2025\/"}]}},"_links":{"self":[{"href":"https:\/\/fut01noticias.com\/index.php\/wp-json\/wp\/v2\/posts\/3409","targetHints":{"allow":["GET"]}}],"collection":[{"href":"https:\/\/fut01noticias.com\/index.php\/wp-json\/wp\/v2\/posts"}],"about":[{"href":"https:\/\/fut01noticias.com\/index.php\/wp-json\/wp\/v2\/types\/post"}],"author":[{"embeddable":true,"href":"https:\/\/fut01noticias.com\/index.php\/wp-json\/wp\/v2\/users\/1"}],"replies":[{"embeddable":true,"href":"https:\/\/fut01noticias.com\/index.php\/wp-json\/wp\/v2\/comments?post=3409"}],"version-history":[{"count":1,"href":"https:\/\/fut01noticias.com\/index.php\/wp-json\/wp\/v2\/posts\/3409\/revisions"}],"predecessor-version":[{"id":3412,"href":"https:\/\/fut01noticias.com\/index.php\/wp-json\/wp\/v2\/posts\/3409\/revisions\/3412"}],"wp:attachment":[{"href":"https:\/\/fut01noticias.com\/index.php\/wp-json\/wp\/v2\/media?parent=3409"}],"wp:term":[{"taxonomy":"category","embeddable":true,"href":"https:\/\/fut01noticias.com\/index.php\/wp-json\/wp\/v2\/categories?post=3409"},{"taxonomy":"post_tag","embeddable":true,"href":"https:\/\/fut01noticias.com\/index.php\/wp-json\/wp\/v2\/tags?post=3409"}],"curies":[{"name":"wp","href":"https:\/\/api.w.org\/{rel}","templated":true}]}}