{"id":3421,"date":"2026-03-13T09:39:37","date_gmt":"2026-03-13T08:39:37","guid":{"rendered":"https:\/\/fut01noticias.com\/?p=3421"},"modified":"2026-03-13T09:39:37","modified_gmt":"2026-03-13T08:39:37","slug":"preocupacion-en-francia-mbappe-se-toma-un-respiro-para-llegar-a-su-100-al-mundial","status":"publish","type":"post","link":"https:\/\/fut01noticias.com\/index.php\/2026\/03\/13\/preocupacion-en-francia-mbappe-se-toma-un-respiro-para-llegar-a-su-100-al-mundial\/","title":{"rendered":"Preocupaci\u00f3n en Francia: Mbapp\u00e9 se toma un respiro para llegar a su 100% al Mundial"},"content":{"rendered":"<p class=\"ds-markdown-paragraph\">A poco m\u00e1s de tres meses para que comience la tan esperada Copa del Mundo de 2026, una sombra de duda sobrevuela la concentraci\u00f3n de la selecci\u00f3n francesa. Kylian Mbapp\u00e9, capit\u00e1n y m\u00e1xima estrella de &#8216;Les Bleus&#8217;, ha puesto en pausa su temporada en el Real Madrid para someterse a un tratamiento intensivo en su rodilla izquierda, con el objetivo claro y firme de llegar en \u00f3ptimas condiciones a la cita mundialista\u00a0.<\/p>\n<p><img fetchpriority=\"high\" decoding=\"async\" class=\" wp-image-3422 aligncenter\" src=\"https:\/\/fut01noticias.com\/wp-content\/uploads\/2026\/03\/preocupacion-en-francia-mbappe-se-toma-un-respiro-para-llegar-a-su-100-al-mundial-01-1024x576.webp\" alt=\"\" width=\"759\" height=\"427\" srcset=\"https:\/\/fut01noticias.com\/wp-content\/uploads\/2026\/03\/preocupacion-en-francia-mbappe-se-toma-un-respiro-para-llegar-a-su-100-al-mundial-01-1024x576.webp 1024w, https:\/\/fut01noticias.com\/wp-content\/uploads\/2026\/03\/preocupacion-en-francia-mbappe-se-toma-un-respiro-para-llegar-a-su-100-al-mundial-01-300x169.webp 300w, https:\/\/fut01noticias.com\/wp-content\/uploads\/2026\/03\/preocupacion-en-francia-mbappe-se-toma-un-respiro-para-llegar-a-su-100-al-mundial-01-768x432.webp 768w, https:\/\/fut01noticias.com\/wp-content\/uploads\/2026\/03\/preocupacion-en-francia-mbappe-se-toma-un-respiro-para-llegar-a-su-100-al-mundial-01-1536x864.webp 1536w, https:\/\/fut01noticias.com\/wp-content\/uploads\/2026\/03\/preocupacion-en-francia-mbappe-se-toma-un-respiro-para-llegar-a-su-100-al-mundial-01-2048x1152.webp 2048w\" sizes=\"(max-width: 759px) 100vw, 759px\" \/><\/p>\n<h3>Un \u00absecreto a voces\u00bb: Jugando con molestias desde diciembre<\/h3>\n<p class=\"ds-markdown-paragraph\">Aunque en Chamart\u00edn se intentaba minimizar la situaci\u00f3n, las alarmas saltaron hace semanas. Seg\u00fan informaciones de medios como &#8216;L&#8217;Equipe&#8217; y &#8216;Marca&#8217;, el delantero de 27 a\u00f1os viene arrastrando una molestia en el ligamento de su rodilla izquierda desde el pasado mes de diciembre\u00a0. Lo que comenz\u00f3 como una peque\u00f1a sobrecarga tras un partido contra el Celta, se ha convertido en una tendinitis cr\u00f3nica que le ha impedido rendir al cien por cien.<\/p>\n<p class=\"ds-markdown-paragraph\">El propio jugador y los servicios m\u00e9dicos del club han sido conscientes de que, durante las \u00faltimas semanas, Mbapp\u00e9 ha estado jugando \u00aba una pierna\u00bb, limitando su explosividad, su principal arma, para no agravar la lesi\u00f3n\u00a0. Partidos completos ante Osasuna o el Benfica en Lisboa mostraron a un Mbapp\u00e9 menos participativo, m\u00e1s est\u00e1tico, alejado del \u00e1ngel que asombra al mundo.<\/p>\n<h3>Decisi\u00f3n firme: Adi\u00f3s provisional a los terrenos de juego<\/h3>\n<p class=\"ds-markdown-paragraph\">La gota que colm\u00f3 el vaso fue el compromiso liguero frente al Osasuna, donde su actuaci\u00f3n fue gris y se le vio visiblemente limitado\u00a0. Consciente de que un mal paso podr\u00eda dejarlo fuera de su tercera Copa del Mundo, el de Bondy ha tomado una decisi\u00f3n dr\u00e1stica junto al Real Madrid: parar.<\/p>\n<p class=\"ds-markdown-paragraph\">El plan acordado pasa por un periodo de reposo y tratamiento conservador, evitando pasar por el quir\u00f3fano. Esto implicar\u00e1 que Mbapp\u00e9 se perder\u00e1, como m\u00ednimo, los pr\u00f3ximos tres encuentros de LaLiga, incluyendo duelos de alta exigencia\u00a0. El objetivo es que la inflamaci\u00f3n ceda por completo y se pueda evaluar la evoluci\u00f3n de la rodilla sin la presi\u00f3n de la competici\u00f3n. El gran sacrificio, confirmado por diversos medios, ser\u00e1 perderse la vuelta de los octavos de final de la Champions League contra el Manchester City, a pesar de que el equipo blanco defiende un 3-0 en el Etihad\u00a0.<\/p>\n<h3>El factor comercial: El dilema de la concentraci\u00f3n de marzo<\/h3>\n<p class=\"ds-markdown-paragraph\">Sin embargo, el camino hacia la recuperaci\u00f3n total no est\u00e1 exento de obst\u00e1culos extradeportivos. El par\u00f3n internacional de marzo presenta un escenario complejo. Didier Deschamps tiene previsto convocar a Mbapp\u00e9 para la gira de la selecci\u00f3n por Estados Unidos, donde se medir\u00e1n a Brasil y Colombia\u00a0.<\/p>\n<p class=\"ds-markdown-paragraph\">Aunque desde la Federaci\u00f3n Francesa de F\u00fatbol (FFF) aseguran que no le alinear\u00e1n si no est\u00e1 al cien por cien, el jugador tiene fuertes compromisos comerciales con Nike, su patrocinador principal, que le obligar\u00edan a viajar y participar en eventos promocionales durante esa ventana. Esta situaci\u00f3n, que ya ha generado roces entre clubes y federaci\u00f3n en el pasado, a\u00f1ade una capa de tensi\u00f3n a la gesti\u00f3n de su lesi\u00f3n\u00a0.<\/p>\n<p><img decoding=\"async\" class=\" wp-image-3423 aligncenter\" src=\"https:\/\/fut01noticias.com\/wp-content\/uploads\/2026\/03\/preocupacion-en-francia-mbappe-se-toma-un-respiro-para-llegar-a-su-100-al-mundial-02-1024x610.webp\" alt=\"\" width=\"771\" height=\"459\" srcset=\"https:\/\/fut01noticias.com\/wp-content\/uploads\/2026\/03\/preocupacion-en-francia-mbappe-se-toma-un-respiro-para-llegar-a-su-100-al-mundial-02-1024x610.webp 1024w, https:\/\/fut01noticias.com\/wp-content\/uploads\/2026\/03\/preocupacion-en-francia-mbappe-se-toma-un-respiro-para-llegar-a-su-100-al-mundial-02-300x179.webp 300w, https:\/\/fut01noticias.com\/wp-content\/uploads\/2026\/03\/preocupacion-en-francia-mbappe-se-toma-un-respiro-para-llegar-a-su-100-al-mundial-02-768x458.webp 768w, https:\/\/fut01noticias.com\/wp-content\/uploads\/2026\/03\/preocupacion-en-francia-mbappe-se-toma-un-respiro-para-llegar-a-su-100-al-mundial-02-1536x916.webp 1536w, https:\/\/fut01noticias.com\/wp-content\/uploads\/2026\/03\/preocupacion-en-francia-mbappe-se-toma-un-respiro-para-llegar-a-su-100-al-mundial-02-2048x1221.webp 2048w\" sizes=\"(max-width: 771px) 100vw, 771px\" \/><\/p>\n<h3>El gran objetivo: La tercera estrella para Francia<\/h3>\n<p class=\"ds-markdown-paragraph\">El motivo de tanta precauci\u00f3n es m\u00e1s que evidente: el Mundial de 2026. Tras la retirada internacional de Antoine Griezmann, Mbapp\u00e9 es el estandarte, el capit\u00e1n y el l\u00edder de una Francia que aspira a todo\u00a0. Su presencia en el torneo no es solo un deseo, sino una necesidad para un equipo que lo tiene como referente absoluto en el campo y en el vestuario.<\/p>\n<p class=\"ds-markdown-paragraph\">El recuerdo de la pasada Eurocopa, donde jug\u00f3 condicionado por una m\u00e1scara tras fracturarse la nariz, sigue muy presente. La experiencia de no haber podido rendir al m\u00e1ximo por un problema f\u00edsico ha calado hondo en el jugador y en el cuerpo t\u00e9cnico\u00a0. Esta vez, la consigna es clara: no se va a arriesgar nada.<\/p>\n<p class=\"ds-markdown-paragraph\">Las pr\u00f3ximas semanas ser\u00e1n cruciales para determinar si este par\u00f3n t\u00e9cnico es suficiente para que la rodilla de Mbapp\u00e9 responda. Por ahora, tanto en Valdebebas como en Clairefontaine, se declaran en \u00abestado de alerta m\u00e1xima\u00bb, cruzan los dedos y conf\u00edan en que la superestrella llegue a tiempo para liderar a Francia en la conquista de su tercera estrella\u00a0.<\/p>\n","protected":false},"excerpt":{"rendered":"<p>A poco m\u00e1s de tres meses para que comience la tan esperada Copa del Mundo de 2026, una sombra de duda sobrevuela la concentraci\u00f3n de la selecci\u00f3n francesa. Kylian Mbapp\u00e9, capit\u00e1n y m\u00e1xima estrella de &#8216;Les Bleus&#8217;, ha puesto en pausa su temporada en el Real Madrid para someterse a un tratamiento intensivo en su [&hellip;]<\/p>\n","protected":false},"author":1,"featured_media":0,"comment_status":"open","ping_status":"open","sticky":false,"template":"","format":"standard","meta":{"footnotes":""},"categories":[30],"tags":[],"class_list":["post-3421","post","type-post","status-publish","format-standard","hentry","category-mundial"],"blocksy_meta":[],"yoast_head":"<!-- This site is optimized with the Yoast SEO plugin v26.3 - https:\/\/yoast.com\/wordpress\/plugins\/seo\/ -->\n<title>Preocupaci\u00f3n en Francia: Mbapp\u00e9 se toma un respiro para llegar a su 100% al Mundial - Noticias de F\u00fatbol y Camisetas Baratas | Fut01 Noticias<\/title>\n<meta name=\"robots\" content=\"index, follow, max-snippet:-1, max-image-preview:large, max-video-preview:-1\" \/>\n<link rel=\"canonical\" href=\"https:\/\/fut01noticias.com\/index.php\/2026\/03\/13\/preocupacion-en-francia-mbappe-se-toma-un-respiro-para-llegar-a-su-100-al-mundial\/\" \/>\n<meta property=\"og:locale\" content=\"es_ES\" \/>\n<meta property=\"og:type\" content=\"article\" \/>\n<meta property=\"og:title\" content=\"Preocupaci\u00f3n en Francia: Mbapp\u00e9 se toma un respiro para llegar a su 100% al Mundial - Noticias de F\u00fatbol y Camisetas Baratas | Fut01 Noticias\" \/>\n<meta property=\"og:description\" content=\"A poco m\u00e1s de tres meses para que comience la tan esperada Copa del Mundo de 2026, una sombra de duda sobrevuela la concentraci\u00f3n de la selecci\u00f3n francesa. Kylian Mbapp\u00e9, capit\u00e1n y m\u00e1xima estrella de &#8216;Les Bleus&#8217;, ha puesto en pausa su temporada en el Real Madrid para someterse a un tratamiento intensivo en su [&hellip;]\" \/>\n<meta property=\"og:url\" content=\"https:\/\/fut01noticias.com\/index.php\/2026\/03\/13\/preocupacion-en-francia-mbappe-se-toma-un-respiro-para-llegar-a-su-100-al-mundial\/\" \/>\n<meta property=\"og:site_name\" content=\"Noticias de F\u00fatbol y Camisetas Baratas | Fut01 Noticias\" \/>\n<meta property=\"article:published_time\" content=\"2026-03-13T08:39:37+00:00\" \/>\n<meta property=\"og:image\" content=\"https:\/\/fut01noticias.com\/wp-content\/uploads\/2026\/03\/preocupacion-en-francia-mbappe-se-toma-un-respiro-para-llegar-a-su-100-al-mundial-01.webp\" \/>\n\t<meta property=\"og:image:width\" content=\"2496\" \/>\n\t<meta property=\"og:image:height\" content=\"1404\" \/>\n\t<meta property=\"og:image:type\" content=\"image\/webp\" \/>\n<meta name=\"author\" content=\"fut01yd2025\" \/>\n<meta name=\"twitter:card\" content=\"summary_large_image\" \/>\n<meta name=\"twitter:label1\" content=\"Escrito por\" \/>\n\t<meta name=\"twitter:data1\" content=\"fut01yd2025\" \/>\n\t<meta name=\"twitter:label2\" content=\"Tiempo de lectura\" \/>\n\t<meta name=\"twitter:data2\" content=\"4 minutos\" \/>\n<script type=\"application\/ld+json\" class=\"yoast-schema-graph\">{\"@context\":\"https:\/\/schema.org\",\"@graph\":[{\"@type\":\"Article\",\"@id\":\"https:\/\/fut01noticias.com\/index.php\/2026\/03\/13\/preocupacion-en-francia-mbappe-se-toma-un-respiro-para-llegar-a-su-100-al-mundial\/#article\",\"isPartOf\":{\"@id\":\"https:\/\/fut01noticias.com\/index.php\/2026\/03\/13\/preocupacion-en-francia-mbappe-se-toma-un-respiro-para-llegar-a-su-100-al-mundial\/\"},\"author\":{\"name\":\"fut01yd2025\",\"@id\":\"https:\/\/fut01noticias.com\/#\/schema\/person\/92184e994852970306f07f5996e89350\"},\"headline\":\"Preocupaci\u00f3n en Francia: Mbapp\u00e9 se toma un respiro para llegar a su 100% al Mundial\",\"datePublished\":\"2026-03-13T08:39:37+00:00\",\"mainEntityOfPage\":{\"@id\":\"https:\/\/fut01noticias.com\/index.php\/2026\/03\/13\/preocupacion-en-francia-mbappe-se-toma-un-respiro-para-llegar-a-su-100-al-mundial\/\"},\"wordCount\":752,\"commentCount\":0,\"publisher\":{\"@id\":\"https:\/\/fut01noticias.com\/#organization\"},\"image\":{\"@id\":\"https:\/\/fut01noticias.com\/index.php\/2026\/03\/13\/preocupacion-en-francia-mbappe-se-toma-un-respiro-para-llegar-a-su-100-al-mundial\/#primaryimage\"},\"thumbnailUrl\":\"https:\/\/fut01noticias.com\/wp-content\/uploads\/2026\/03\/preocupacion-en-francia-mbappe-se-toma-un-respiro-para-llegar-a-su-100-al-mundial-01-1024x576.webp\",\"articleSection\":[\"Mundial\"],\"inLanguage\":\"es\",\"potentialAction\":[{\"@type\":\"CommentAction\",\"name\":\"Comment\",\"target\":[\"https:\/\/fut01noticias.com\/index.php\/2026\/03\/13\/preocupacion-en-francia-mbappe-se-toma-un-respiro-para-llegar-a-su-100-al-mundial\/#respond\"]}]},{\"@type\":\"WebPage\",\"@id\":\"https:\/\/fut01noticias.com\/index.php\/2026\/03\/13\/preocupacion-en-francia-mbappe-se-toma-un-respiro-para-llegar-a-su-100-al-mundial\/\",\"url\":\"https:\/\/fut01noticias.com\/index.php\/2026\/03\/13\/preocupacion-en-francia-mbappe-se-toma-un-respiro-para-llegar-a-su-100-al-mundial\/\",\"name\":\"Preocupaci\u00f3n en Francia: Mbapp\u00e9 se toma un respiro para llegar a su 100% al Mundial - Noticias de F\u00fatbol y Camisetas Baratas | Fut01 Noticias\",\"isPartOf\":{\"@id\":\"https:\/\/fut01noticias.com\/#website\"},\"primaryImageOfPage\":{\"@id\":\"https:\/\/fut01noticias.com\/index.php\/2026\/03\/13\/preocupacion-en-francia-mbappe-se-toma-un-respiro-para-llegar-a-su-100-al-mundial\/#primaryimage\"},\"image\":{\"@id\":\"https:\/\/fut01noticias.com\/index.php\/2026\/03\/13\/preocupacion-en-francia-mbappe-se-toma-un-respiro-para-llegar-a-su-100-al-mundial\/#primaryimage\"},\"thumbnailUrl\":\"https:\/\/fut01noticias.com\/wp-content\/uploads\/2026\/03\/preocupacion-en-francia-mbappe-se-toma-un-respiro-para-llegar-a-su-100-al-mundial-01-1024x576.webp\",\"datePublished\":\"2026-03-13T08:39:37+00:00\",\"breadcrumb\":{\"@id\":\"https:\/\/fut01noticias.com\/index.php\/2026\/03\/13\/preocupacion-en-francia-mbappe-se-toma-un-respiro-para-llegar-a-su-100-al-mundial\/#breadcrumb\"},\"inLanguage\":\"es\",\"potentialAction\":[{\"@type\":\"ReadAction\",\"target\":[\"https:\/\/fut01noticias.com\/index.php\/2026\/03\/13\/preocupacion-en-francia-mbappe-se-toma-un-respiro-para-llegar-a-su-100-al-mundial\/\"]}]},{\"@type\":\"ImageObject\",\"inLanguage\":\"es\",\"@id\":\"https:\/\/fut01noticias.com\/index.php\/2026\/03\/13\/preocupacion-en-francia-mbappe-se-toma-un-respiro-para-llegar-a-su-100-al-mundial\/#primaryimage\",\"url\":\"https:\/\/fut01noticias.com\/wp-content\/uploads\/2026\/03\/preocupacion-en-francia-mbappe-se-toma-un-respiro-para-llegar-a-su-100-al-mundial-01.webp\",\"contentUrl\":\"https:\/\/fut01noticias.com\/wp-content\/uploads\/2026\/03\/preocupacion-en-francia-mbappe-se-toma-un-respiro-para-llegar-a-su-100-al-mundial-01.webp\",\"width\":2496,\"height\":1404},{\"@type\":\"BreadcrumbList\",\"@id\":\"https:\/\/fut01noticias.com\/index.php\/2026\/03\/13\/preocupacion-en-francia-mbappe-se-toma-un-respiro-para-llegar-a-su-100-al-mundial\/#breadcrumb\",\"itemListElement\":[{\"@type\":\"ListItem\",\"position\":1,\"name\":\"\u9996\u9875\",\"item\":\"https:\/\/fut01noticias.com\/\"},{\"@type\":\"ListItem\",\"position\":2,\"name\":\"Preocupaci\u00f3n en Francia: Mbapp\u00e9 se toma un respiro para llegar a su 100% al Mundial\"}]},{\"@type\":\"WebSite\",\"@id\":\"https:\/\/fut01noticias.com\/#website\",\"url\":\"https:\/\/fut01noticias.com\/\",\"name\":\"Blog oficial de FUT01\",\"description\":\"Ent\u00e9rate de las \u00faltimas noticias de f\u00fatbol, resultados y fichajes. Fut01 Noticias te acerca al mundo del f\u00fatbol y a las mejores camisetas a precios bajos.\",\"publisher\":{\"@id\":\"https:\/\/fut01noticias.com\/#organization\"},\"potentialAction\":[{\"@type\":\"SearchAction\",\"target\":{\"@type\":\"EntryPoint\",\"urlTemplate\":\"https:\/\/fut01noticias.com\/?s={search_term_string}\"},\"query-input\":{\"@type\":\"PropertyValueSpecification\",\"valueRequired\":true,\"valueName\":\"search_term_string\"}}],\"inLanguage\":\"es\"},{\"@type\":\"Organization\",\"@id\":\"https:\/\/fut01noticias.com\/#organization\",\"name\":\"Blog oficial de FUT01\",\"url\":\"https:\/\/fut01noticias.com\/\",\"logo\":{\"@type\":\"ImageObject\",\"inLanguage\":\"es\",\"@id\":\"https:\/\/fut01noticias.com\/#\/schema\/logo\/image\/\",\"url\":\"https:\/\/fut01noticias.com\/wp-content\/uploads\/2025\/08\/fut01noticias-logo.webp\",\"contentUrl\":\"https:\/\/fut01noticias.com\/wp-content\/uploads\/2025\/08\/fut01noticias-logo.webp\",\"width\":190,\"height\":190,\"caption\":\"Blog oficial de FUT01\"},\"image\":{\"@id\":\"https:\/\/fut01noticias.com\/#\/schema\/logo\/image\/\"}},{\"@type\":\"Person\",\"@id\":\"https:\/\/fut01noticias.com\/#\/schema\/person\/92184e994852970306f07f5996e89350\",\"name\":\"fut01yd2025\",\"image\":{\"@type\":\"ImageObject\",\"inLanguage\":\"es\",\"@id\":\"https:\/\/fut01noticias.com\/#\/schema\/person\/image\/\",\"url\":\"https:\/\/secure.gravatar.com\/avatar\/5edfa2692bdacc5e6ee805c626c50cb44cebb065f092d9a1067d89f74dacd326?s=96&d=mm&r=g\",\"contentUrl\":\"https:\/\/secure.gravatar.com\/avatar\/5edfa2692bdacc5e6ee805c626c50cb44cebb065f092d9a1067d89f74dacd326?s=96&d=mm&r=g\",\"caption\":\"fut01yd2025\"},\"sameAs\":[\"https:\/\/fut01noticias.com\"],\"url\":\"https:\/\/fut01noticias.com\/index.php\/author\/fut01yd2025\/\"}]}<\/script>\n<!-- \/ Yoast SEO plugin. -->","yoast_head_json":{"title":"Preocupaci\u00f3n en Francia: Mbapp\u00e9 se toma un respiro para llegar a su 100% al Mundial - Noticias de F\u00fatbol y Camisetas Baratas | Fut01 Noticias","robots":{"index":"index","follow":"follow","max-snippet":"max-snippet:-1","max-image-preview":"max-image-preview:large","max-video-preview":"max-video-preview:-1"},"canonical":"https:\/\/fut01noticias.com\/index.php\/2026\/03\/13\/preocupacion-en-francia-mbappe-se-toma-un-respiro-para-llegar-a-su-100-al-mundial\/","og_locale":"es_ES","og_type":"article","og_title":"Preocupaci\u00f3n en Francia: Mbapp\u00e9 se toma un respiro para llegar a su 100% al Mundial - Noticias de F\u00fatbol y Camisetas Baratas | Fut01 Noticias","og_description":"A poco m\u00e1s de tres meses para que comience la tan esperada Copa del Mundo de 2026, una sombra de duda sobrevuela la concentraci\u00f3n de la selecci\u00f3n francesa. Kylian Mbapp\u00e9, capit\u00e1n y m\u00e1xima estrella de &#8216;Les Bleus&#8217;, ha puesto en pausa su temporada en el Real Madrid para someterse a un tratamiento intensivo en su [&hellip;]","og_url":"https:\/\/fut01noticias.com\/index.php\/2026\/03\/13\/preocupacion-en-francia-mbappe-se-toma-un-respiro-para-llegar-a-su-100-al-mundial\/","og_site_name":"Noticias de F\u00fatbol y Camisetas Baratas | Fut01 Noticias","article_published_time":"2026-03-13T08:39:37+00:00","og_image":[{"width":2496,"height":1404,"url":"https:\/\/fut01noticias.com\/wp-content\/uploads\/2026\/03\/preocupacion-en-francia-mbappe-se-toma-un-respiro-para-llegar-a-su-100-al-mundial-01.webp","type":"image\/webp"}],"author":"fut01yd2025","twitter_card":"summary_large_image","twitter_misc":{"Escrito por":"fut01yd2025","Tiempo de lectura":"4 minutos"},"schema":{"@context":"https:\/\/schema.org","@graph":[{"@type":"Article","@id":"https:\/\/fut01noticias.com\/index.php\/2026\/03\/13\/preocupacion-en-francia-mbappe-se-toma-un-respiro-para-llegar-a-su-100-al-mundial\/#article","isPartOf":{"@id":"https:\/\/fut01noticias.com\/index.php\/2026\/03\/13\/preocupacion-en-francia-mbappe-se-toma-un-respiro-para-llegar-a-su-100-al-mundial\/"},"author":{"name":"fut01yd2025","@id":"https:\/\/fut01noticias.com\/#\/schema\/person\/92184e994852970306f07f5996e89350"},"headline":"Preocupaci\u00f3n en Francia: Mbapp\u00e9 se toma un respiro para llegar a su 100% al Mundial","datePublished":"2026-03-13T08:39:37+00:00","mainEntityOfPage":{"@id":"https:\/\/fut01noticias.com\/index.php\/2026\/03\/13\/preocupacion-en-francia-mbappe-se-toma-un-respiro-para-llegar-a-su-100-al-mundial\/"},"wordCount":752,"commentCount":0,"publisher":{"@id":"https:\/\/fut01noticias.com\/#organization"},"image":{"@id":"https:\/\/fut01noticias.com\/index.php\/2026\/03\/13\/preocupacion-en-francia-mbappe-se-toma-un-respiro-para-llegar-a-su-100-al-mundial\/#primaryimage"},"thumbnailUrl":"https:\/\/fut01noticias.com\/wp-content\/uploads\/2026\/03\/preocupacion-en-francia-mbappe-se-toma-un-respiro-para-llegar-a-su-100-al-mundial-01-1024x576.webp","articleSection":["Mundial"],"inLanguage":"es","potentialAction":[{"@type":"CommentAction","name":"Comment","target":["https:\/\/fut01noticias.com\/index.php\/2026\/03\/13\/preocupacion-en-francia-mbappe-se-toma-un-respiro-para-llegar-a-su-100-al-mundial\/#respond"]}]},{"@type":"WebPage","@id":"https:\/\/fut01noticias.com\/index.php\/2026\/03\/13\/preocupacion-en-francia-mbappe-se-toma-un-respiro-para-llegar-a-su-100-al-mundial\/","url":"https:\/\/fut01noticias.com\/index.php\/2026\/03\/13\/preocupacion-en-francia-mbappe-se-toma-un-respiro-para-llegar-a-su-100-al-mundial\/","name":"Preocupaci\u00f3n en Francia: Mbapp\u00e9 se toma un respiro para llegar a su 100% al Mundial - Noticias de F\u00fatbol y Camisetas Baratas | Fut01 Noticias","isPartOf":{"@id":"https:\/\/fut01noticias.com\/#website"},"primaryImageOfPage":{"@id":"https:\/\/fut01noticias.com\/index.php\/2026\/03\/13\/preocupacion-en-francia-mbappe-se-toma-un-respiro-para-llegar-a-su-100-al-mundial\/#primaryimage"},"image":{"@id":"https:\/\/fut01noticias.com\/index.php\/2026\/03\/13\/preocupacion-en-francia-mbappe-se-toma-un-respiro-para-llegar-a-su-100-al-mundial\/#primaryimage"},"thumbnailUrl":"https:\/\/fut01noticias.com\/wp-content\/uploads\/2026\/03\/preocupacion-en-francia-mbappe-se-toma-un-respiro-para-llegar-a-su-100-al-mundial-01-1024x576.webp","datePublished":"2026-03-13T08:39:37+00:00","breadcrumb":{"@id":"https:\/\/fut01noticias.com\/index.php\/2026\/03\/13\/preocupacion-en-francia-mbappe-se-toma-un-respiro-para-llegar-a-su-100-al-mundial\/#breadcrumb"},"inLanguage":"es","potentialAction":[{"@type":"ReadAction","target":["https:\/\/fut01noticias.com\/index.php\/2026\/03\/13\/preocupacion-en-francia-mbappe-se-toma-un-respiro-para-llegar-a-su-100-al-mundial\/"]}]},{"@type":"ImageObject","inLanguage":"es","@id":"https:\/\/fut01noticias.com\/index.php\/2026\/03\/13\/preocupacion-en-francia-mbappe-se-toma-un-respiro-para-llegar-a-su-100-al-mundial\/#primaryimage","url":"https:\/\/fut01noticias.com\/wp-content\/uploads\/2026\/03\/preocupacion-en-francia-mbappe-se-toma-un-respiro-para-llegar-a-su-100-al-mundial-01.webp","contentUrl":"https:\/\/fut01noticias.com\/wp-content\/uploads\/2026\/03\/preocupacion-en-francia-mbappe-se-toma-un-respiro-para-llegar-a-su-100-al-mundial-01.webp","width":2496,"height":1404},{"@type":"BreadcrumbList","@id":"https:\/\/fut01noticias.com\/index.php\/2026\/03\/13\/preocupacion-en-francia-mbappe-se-toma-un-respiro-para-llegar-a-su-100-al-mundial\/#breadcrumb","itemListElement":[{"@type":"ListItem","position":1,"name":"\u9996\u9875","item":"https:\/\/fut01noticias.com\/"},{"@type":"ListItem","position":2,"name":"Preocupaci\u00f3n en Francia: Mbapp\u00e9 se toma un respiro para llegar a su 100% al Mundial"}]},{"@type":"WebSite","@id":"https:\/\/fut01noticias.com\/#website","url":"https:\/\/fut01noticias.com\/","name":"Blog oficial de FUT01","description":"Ent\u00e9rate de las \u00faltimas noticias de f\u00fatbol, resultados y fichajes. Fut01 Noticias te acerca al mundo del f\u00fatbol y a las mejores camisetas a precios bajos.","publisher":{"@id":"https:\/\/fut01noticias.com\/#organization"},"potentialAction":[{"@type":"SearchAction","target":{"@type":"EntryPoint","urlTemplate":"https:\/\/fut01noticias.com\/?s={search_term_string}"},"query-input":{"@type":"PropertyValueSpecification","valueRequired":true,"valueName":"search_term_string"}}],"inLanguage":"es"},{"@type":"Organization","@id":"https:\/\/fut01noticias.com\/#organization","name":"Blog oficial de FUT01","url":"https:\/\/fut01noticias.com\/","logo":{"@type":"ImageObject","inLanguage":"es","@id":"https:\/\/fut01noticias.com\/#\/schema\/logo\/image\/","url":"https:\/\/fut01noticias.com\/wp-content\/uploads\/2025\/08\/fut01noticias-logo.webp","contentUrl":"https:\/\/fut01noticias.com\/wp-content\/uploads\/2025\/08\/fut01noticias-logo.webp","width":190,"height":190,"caption":"Blog oficial de FUT01"},"image":{"@id":"https:\/\/fut01noticias.com\/#\/schema\/logo\/image\/"}},{"@type":"Person","@id":"https:\/\/fut01noticias.com\/#\/schema\/person\/92184e994852970306f07f5996e89350","name":"fut01yd2025","image":{"@type":"ImageObject","inLanguage":"es","@id":"https:\/\/fut01noticias.com\/#\/schema\/person\/image\/","url":"https:\/\/secure.gravatar.com\/avatar\/5edfa2692bdacc5e6ee805c626c50cb44cebb065f092d9a1067d89f74dacd326?s=96&d=mm&r=g","contentUrl":"https:\/\/secure.gravatar.com\/avatar\/5edfa2692bdacc5e6ee805c626c50cb44cebb065f092d9a1067d89f74dacd326?s=96&d=mm&r=g","caption":"fut01yd2025"},"sameAs":["https:\/\/fut01noticias.com"],"url":"https:\/\/fut01noticias.com\/index.php\/author\/fut01yd2025\/"}]}},"_links":{"self":[{"href":"https:\/\/fut01noticias.com\/index.php\/wp-json\/wp\/v2\/posts\/3421","targetHints":{"allow":["GET"]}}],"collection":[{"href":"https:\/\/fut01noticias.com\/index.php\/wp-json\/wp\/v2\/posts"}],"about":[{"href":"https:\/\/fut01noticias.com\/index.php\/wp-json\/wp\/v2\/types\/post"}],"author":[{"embeddable":true,"href":"https:\/\/fut01noticias.com\/index.php\/wp-json\/wp\/v2\/users\/1"}],"replies":[{"embeddable":true,"href":"https:\/\/fut01noticias.com\/index.php\/wp-json\/wp\/v2\/comments?post=3421"}],"version-history":[{"count":1,"href":"https:\/\/fut01noticias.com\/index.php\/wp-json\/wp\/v2\/posts\/3421\/revisions"}],"predecessor-version":[{"id":3424,"href":"https:\/\/fut01noticias.com\/index.php\/wp-json\/wp\/v2\/posts\/3421\/revisions\/3424"}],"wp:attachment":[{"href":"https:\/\/fut01noticias.com\/index.php\/wp-json\/wp\/v2\/media?parent=3421"}],"wp:term":[{"taxonomy":"category","embeddable":true,"href":"https:\/\/fut01noticias.com\/index.php\/wp-json\/wp\/v2\/categories?post=3421"},{"taxonomy":"post_tag","embeddable":true,"href":"https:\/\/fut01noticias.com\/index.php\/wp-json\/wp\/v2\/tags?post=3421"}],"curies":[{"name":"wp","href":"https:\/\/api.w.org\/{rel}","templated":true}]}}